{"id":6625,"date":"2023-02-12T11:02:55","date_gmt":"2023-02-12T11:02:55","guid":{"rendered":"https:\/\/phal.angst.band\/?p=6625"},"modified":"2023-11-10T11:03:28","modified_gmt":"2023-11-10T11:03:28","slug":"musicinbelgium-net","status":"publish","type":"post","link":"https:\/\/phal.angst.band\/index.php\/2023\/02\/12\/musicinbelgium-net\/","title":{"rendered":"musicinbelgium.net"},"content":{"rendered":"<blockquote class=\"wp-embedded-content\" data-secret=\"EtmWges6Tk\"><p><a href=\"https:\/\/www.musicinbelgium.net\/reviews\/phal-angst-whiteout\/\">PHAL :ANGST \u2013 Whiteout<\/a><\/p><\/blockquote>\n<p><iframe class=\"wp-embedded-content\" sandbox=\"allow-scripts\" security=\"restricted\" style=\"position: absolute; clip: rect(1px, 1px, 1px, 1px);\" title=\"\u00ab\u00a0PHAL :ANGST \u2013 Whiteout\u00a0\u00bb &#8212; Music In Belgium\" src=\"https:\/\/www.musicinbelgium.net\/reviews\/phal-angst-whiteout\/embed\/#?secret=VIroimEVLs#?secret=EtmWges6Tk\" data-secret=\"EtmWges6Tk\" width=\"500\" height=\"282\" frameborder=\"0\" marginwidth=\"0\" marginheight=\"0\" scrolling=\"no\"><\/iframe><\/p>\n<p>4,5\/5<br \/>\nRetour de ce groupe autrichien originaire de Vienne avec manifestement un album plut\u00f4t sombre qui, v\u00e9hicule d\u2019une part une musique \u00e0 mi-chemin de l\u2019ambient et du post-rock et d\u2019autre part, des images et donc pour la composition phare un clip en noir et blanc o\u00f9 l\u2019on per\u00e7oit \u00e0 travers l\u2019alcool et la drogue la d\u00e9tresse humaine !<\/p>\n<p>Un d\u00e9marrage\u00a0coup de poing\u00a0nous plongeant d\u2019embl\u00e9e dans un univers noir\u00e2tre avec en finalit\u00e9, une v\u00e9ritable explosion sonique o\u00f9, le post-rock atteint la saturation maximale et le chant se fait guttural ! Une finalit\u00e9 en forme de cri de d\u00e9tresse qu\u2019il nous faut peut-\u00eatre entendre au risque de se blesser psychologiquement mais \u00e9tonnement, la composition suivante nous offre alors un rock-indus o\u00f9, le traitement visuel du clip est lui-aussi tr\u00e8s diff\u00e9rent du premier\u2026peut-\u00eatre allons nous d\u00e9couvrir un album h\u00e9t\u00e9rog\u00e8ne ou multiple-cartes cependant, on conserve malgr\u00e9 tout un c\u00f4t\u00e9 sombre avec un morceau me rappelant certains groupes alternatifs des eighties au sein de la sc\u00e8ne\u00a0Batcave.<br \/>\nDominance de la noirceur et d\u2019une certaine m\u00e9lancolie qui r\u00e8gnent \u00e0 travers un rock-indus sombre qui, pourrait \u00e0 la fois rappeler certains messages radiophoniques en tant de guerre mais aussi, cette fameuse sc\u00e8ne eighties qui s\u00e9vit dans les clubs et quartiers sombres de Londres. Rhythmique \u00e9lectro-indus et guitare post-rock construisent une cadence quelque peu lancinante puis, le tempo se ralentit au niveau des battements du c\u0153ur avec pour compagnon une narration qui, nous rappelle un triste personnage ayant marqu\u00e9 l\u2019histoire de la guerre 40-45\u2026peut-\u00eatre la volont\u00e9 de nous rappeler le c\u00f4t\u00e9 le plus noir de l\u2019homme ! En fait on navigue \u00e0 travers un monde post-apocalyptique o\u00f9 tout est d\u00e9truit et o\u00f9 l\u2019homme cherche une \u00e9chappatoire, un contexte parfaitement retranscrit par un rock souvent noir\u00e2tre et oppressant comme pour l\u2019extrait suivant, avec toujours un indus sombre et des narrations o\u00f9 l\u2019utilisation de l\u2019allemand renforce la lourdeur des choses :<br \/>\nMais peut-\u00eatre trouverons-nous en fin d\u2019album une ouverture vers la lumi\u00e8re, vers quelque chose de plus positif\u2026\u00e0 vous d\u2019en juger !<br \/>\nUn album d\u2019une noirceur profonde\u2026un album coup de poing o\u00f9, l\u2019oppression est omnipr\u00e9sente donc, \u00e2me sensible s\u2019abstenir !<\/p>\n","protected":false},"excerpt":{"rendered":"<p>PHAL :ANGST \u2013 Whiteout 4,5\/5 Retour de ce groupe autrichien originaire de Vienne avec manifestement un album plut\u00f4t sombre qui, v\u00e9hicule d\u2019une part une musique \u00e0 mi-chemin de l\u2019ambient et du post-rock et d\u2019autre part, des images et donc pour [&hellip;]<\/p>\n","protected":false},"author":1,"featured_media":0,"comment_status":"closed","ping_status":"closed","sticky":false,"template":"","format":"standard","meta":{"footnotes":""},"categories":[29],"tags":[],"_links":{"self":[{"href":"https:\/\/phal.angst.band\/index.php\/wp-json\/wp\/v2\/posts\/6625"}],"collection":[{"href":"https:\/\/phal.angst.band\/index.php\/wp-json\/wp\/v2\/posts"}],"about":[{"href":"https:\/\/phal.angst.band\/index.php\/wp-json\/wp\/v2\/types\/post"}],"author":[{"embeddable":true,"href":"https:\/\/phal.angst.band\/index.php\/wp-json\/wp\/v2\/users\/1"}],"replies":[{"embeddable":true,"href":"https:\/\/phal.angst.band\/index.php\/wp-json\/wp\/v2\/comments?post=6625"}],"version-history":[{"count":1,"href":"https:\/\/phal.angst.band\/index.php\/wp-json\/wp\/v2\/posts\/6625\/revisions"}],"predecessor-version":[{"id":6627,"href":"https:\/\/phal.angst.band\/index.php\/wp-json\/wp\/v2\/posts\/6625\/revisions\/6627"}],"wp:attachment":[{"href":"https:\/\/phal.angst.band\/index.php\/wp-json\/wp\/v2\/media?parent=6625"}],"wp:term":[{"taxonomy":"category","embeddable":true,"href":"https:\/\/phal.angst.band\/index.php\/wp-json\/wp\/v2\/categories?post=6625"},{"taxonomy":"post_tag","embeddable":true,"href":"https:\/\/phal.angst.band\/index.php\/wp-json\/wp\/v2\/tags?post=6625"}],"curies":[{"name":"wp","href":"https:\/\/api.w.org\/{rel}","templated":true}]}}